{"id":596,"date":"2022-02-21T20:31:43","date_gmt":"2022-02-21T19:31:43","guid":{"rendered":"http:\/\/tv-wallbach.ch\/?p=596"},"modified":"2022-02-21T20:31:43","modified_gmt":"2022-02-21T19:31:43","slug":"bericht-muki-turnen-2020-2021-und-2021-22","status":"publish","type":"post","link":"http:\/\/tv-wallbach.ch\/?p=596","title":{"rendered":"Bericht MUKI Turnen 2020\/2021 und 2021\/22"},"content":{"rendered":"<p>Vieles war anders und neu in den letzten zwei Muki Saison\u2019s\u2026<\/p>\n<p>Mussten wir uns doch pl\u00f6tzlich mit Abstandsregeln, Masken tragen und Ger\u00e4tedesinfektion besch\u00e4ftigen. Trotz allen Vorschriften startenden wir die Saison 2020\/2021 mit 13 Muki Paaren.<!--more--><\/p>\n<p>Die Kinder zeigten uns, dass auch mit Einschr\u00e4nkungen man viel Spass haben kann- sie genossen die Turnstunden in vollen Z\u00fcgen, wann hat man schon s\u2018Mami oder d\u2019Papi ganz f\u00fcr sich\ud83d\ude0a\u2026 Leider mussten wir, kurz vor Weihnachten, den Turnbetrieb infolge neuer Ma\u00dfnahmen einstellen und die Saison 2020\/2021 ohne Verabschiedung der zuk\u00fcnftigen Kindergartenkinder abschlie\u00dfen, was wir sehr bedauerten.<\/p>\n<p>Nach Verteilung der Anmeldung f\u00fcr die Mukisaion 2021\/2022 wurden wir mit Anmeldungen \u00fcberrannt und bei Andrea liefen die Dr\u00e4hte heiss. Noch nie in unserer bisherigen Mukit\u00e4tikeit mussten wir eine Warteliste erstellen, dass war f\u00fcr uns nicht leicht, aber die Ma\u00dfnahmen schr\u00e4nkten uns ein.<\/p>\n<p>Umso gr\u00f6sser war die Freude, als wir die M\u00f6glichkeit erhielten, eine 2. Gruppe zu bilden. Und so turnen wir am 8.20 (! DANKE an alle) mit der ersten und anschlie\u00dfend mit der zweiten Gruppe.<\/p>\n<p>In den zwei Stunden entdecken wir mit Felix, unserem Hasen, viele neue Turnabenteuer. So waren wir u.a. auf der Herbstmesse, arbeiteten im Garten und Wald, oder gingen auf eine Reise quer durch die Schweiz\u2026<\/p>\n<p>Gespannt sehen wir der Zeit bis zu den Fr\u00fchlingsferien entgegen und freuen uns auf jede Turnstunde mit unseren Muki\u2019s \ud83d\ude0a<\/p>\n<p>&nbsp;<\/p>\n<p>FELIX, Andrea und Jeannette<\/p>\n","protected":false},"excerpt":{"rendered":"<p>Vieles war anders und neu in den letzten zwei Muki Saison\u2019s\u2026 Mussten wir uns doch pl\u00f6tzlich mit Abstandsregeln, Masken tragen und Ger\u00e4tedesinfektion besch\u00e4ftigen. Trotz allen &hellip; <\/p>\n","protected":false},"author":2,"featured_media":597,"comment_status":"closed","ping_status":"closed","sticky":false,"template":"","format":"standard","meta":{"footnotes":""},"categories":[1],"tags":[],"class_list":["post-596","post","type-post","status-publish","format-standard","has-post-thumbnail","hentry","category-allgemein"],"_links":{"self":[{"href":"http:\/\/tv-wallbach.ch\/index.php?rest_route=\/wp\/v2\/posts\/596","targetHints":{"allow":["GET"]}}],"collection":[{"href":"http:\/\/tv-wallbach.ch\/index.php?rest_route=\/wp\/v2\/posts"}],"about":[{"href":"http:\/\/tv-wallbach.ch\/index.php?rest_route=\/wp\/v2\/types\/post"}],"author":[{"embeddable":true,"href":"http:\/\/tv-wallbach.ch\/index.php?rest_route=\/wp\/v2\/users\/2"}],"replies":[{"embeddable":true,"href":"http:\/\/tv-wallbach.ch\/index.php?rest_route=%2Fwp%2Fv2%2Fcomments&post=596"}],"version-history":[{"count":1,"href":"http:\/\/tv-wallbach.ch\/index.php?rest_route=\/wp\/v2\/posts\/596\/revisions"}],"predecessor-version":[{"id":598,"href":"http:\/\/tv-wallbach.ch\/index.php?rest_route=\/wp\/v2\/posts\/596\/revisions\/598"}],"wp:featuredmedia":[{"embeddable":true,"href":"http:\/\/tv-wallbach.ch\/index.php?rest_route=\/wp\/v2\/media\/597"}],"wp:attachment":[{"href":"http:\/\/tv-wallbach.ch\/index.php?rest_route=%2Fwp%2Fv2%2Fmedia&parent=596"}],"wp:term":[{"taxonomy":"category","embeddable":true,"href":"http:\/\/tv-wallbach.ch\/index.php?rest_route=%2Fwp%2Fv2%2Fcategories&post=596"},{"taxonomy":"post_tag","embeddable":true,"href":"http:\/\/tv-wallbach.ch\/index.php?rest_route=%2Fwp%2Fv2%2Ftags&post=596"}],"curies":[{"name":"wp","href":"https:\/\/api.w.org\/{rel}","templated":true}]}}