{"id":599,"date":"2022-02-21T20:33:13","date_gmt":"2022-02-21T19:33:13","guid":{"rendered":"http:\/\/tv-wallbach.ch\/?p=599"},"modified":"2022-02-21T20:33:13","modified_gmt":"2022-02-21T19:33:13","slug":"kitu-jahresbericht-2021","status":"publish","type":"post","link":"http:\/\/tv-wallbach.ch\/?p=599","title":{"rendered":"KITU Jahresbericht 2021"},"content":{"rendered":"<p>Am 7. September 2021 Punkt 16.30 durfte die Halle wieder mit 26 zappligen F\u00fcssen belebt werden. F\u00fcr das Leiterteam und die Kinder eine wahre Freude nach einer so langer Zwangspause.<\/p>\n<p><!--more-->Jeden Dienstag gibt es ein abwechslungsreiches Programm, gestaltet mit einem Parcour, einem Stafettenlauf, Musikgymnastik und vieles mehr. Der Favorit unter den Spielen war im 2021 der \u201eG\u00e4lle L\u00f6i\u201c der Kinder. Wir sind gespannt, welches Spiel es im 2022 auf das Podest schafft. Mittlerweile d\u00fcrfen wir auch stolz 20 KITU-Kindern in der Halle begr\u00fcssen. Auch das Leiterteam hat sich ge\u00e4ndert. Auf diesem Weg verabschieden wir Sandra Stamp und Marika Thommen, sagen DANKE und begr\u00fcssen neu Eveline Guarda und sagen HALLO. Das neue Leiterteam wird nun durch Irene Allensbach, Eveline Guarda und Corinne Stocker besetzt. F\u00fcr das angefangene Jahr suchen wir jedoch eine weitere Person zur Verst\u00e4rkung unseres Leiterteams.<\/p>\n<p>Im neuen Jahr starten wir wieder hochmotiviert, mit vielen Ideen f\u00fcr unsere lebhafte KITU-Gruppe.<\/p>\n<p>&nbsp;<\/p>\n<p>Sportliche Gr\u00fcsse<\/p>\n<p>Corinne Stocker<\/p>\n","protected":false},"excerpt":{"rendered":"<p>Am 7. September 2021 Punkt 16.30 durfte die Halle wieder mit 26 zappligen F\u00fcssen belebt werden. F\u00fcr das Leiterteam und die Kinder eine wahre Freude &hellip; <\/p>\n","protected":false},"author":2,"featured_media":600,"comment_status":"closed","ping_status":"closed","sticky":false,"template":"","format":"standard","meta":{"footnotes":""},"categories":[1],"tags":[],"class_list":["post-599","post","type-post","status-publish","format-standard","has-post-thumbnail","hentry","category-allgemein"],"_links":{"self":[{"href":"http:\/\/tv-wallbach.ch\/index.php?rest_route=\/wp\/v2\/posts\/599","targetHints":{"allow":["GET"]}}],"collection":[{"href":"http:\/\/tv-wallbach.ch\/index.php?rest_route=\/wp\/v2\/posts"}],"about":[{"href":"http:\/\/tv-wallbach.ch\/index.php?rest_route=\/wp\/v2\/types\/post"}],"author":[{"embeddable":true,"href":"http:\/\/tv-wallbach.ch\/index.php?rest_route=\/wp\/v2\/users\/2"}],"replies":[{"embeddable":true,"href":"http:\/\/tv-wallbach.ch\/index.php?rest_route=%2Fwp%2Fv2%2Fcomments&post=599"}],"version-history":[{"count":1,"href":"http:\/\/tv-wallbach.ch\/index.php?rest_route=\/wp\/v2\/posts\/599\/revisions"}],"predecessor-version":[{"id":601,"href":"http:\/\/tv-wallbach.ch\/index.php?rest_route=\/wp\/v2\/posts\/599\/revisions\/601"}],"wp:featuredmedia":[{"embeddable":true,"href":"http:\/\/tv-wallbach.ch\/index.php?rest_route=\/wp\/v2\/media\/600"}],"wp:attachment":[{"href":"http:\/\/tv-wallbach.ch\/index.php?rest_route=%2Fwp%2Fv2%2Fmedia&parent=599"}],"wp:term":[{"taxonomy":"category","embeddable":true,"href":"http:\/\/tv-wallbach.ch\/index.php?rest_route=%2Fwp%2Fv2%2Fcategories&post=599"},{"taxonomy":"post_tag","embeddable":true,"href":"http:\/\/tv-wallbach.ch\/index.php?rest_route=%2Fwp%2Fv2%2Ftags&post=599"}],"curies":[{"name":"wp","href":"https:\/\/api.w.org\/{rel}","templated":true}]}}