{"id":632,"date":"2022-11-06T20:27:09","date_gmt":"2022-11-06T19:27:09","guid":{"rendered":"http:\/\/tv-wallbach.ch\/?p=632"},"modified":"2023-01-03T21:09:33","modified_gmt":"2023-01-03T20:09:33","slug":"die-aktivriege-hoch-hinaus","status":"publish","type":"post","link":"http:\/\/tv-wallbach.ch\/?p=632","title":{"rendered":"Die Aktivriege hoch hinaus"},"content":{"rendered":"<p>Am 13.\/14.08. verbrachte eine 10-k\u00f6pfige Gruppe der Aktivriege ein sportliches Wochenende im Berner Oberland.<\/p>\n<p><!--more--><\/p>\n<p>Samstags waren die Beine gefragt: Obwohl wir von Meiringen aus mit der Seilbahn bis zur M\u00e4gisalp fahren konnten, blieb uns doch noch ein guter Aufstieg bis zum \u201eAlpen Tower\u201c. An sch\u00f6nen Alpweiden und Kuhherden vorbei genossen wir die klare Bergluft und wurden zur Mittagszeit mit einer fantastischen Panoramaaussicht belohnt. Weiter auf dem Horizontenweg, der ebenso spektakul\u00e4re Aussichten bot, passierten wir den Tannensee, der bei einigen f\u00fcr eine k\u00fchle Erfrischung sorgte, und gelangten schlussendlich zur Engstlenalp, wo wir mit dem Postauto zur\u00fcck ins Tal chauffiert wurden. Sp\u00e4ter st\u00e4rken wir uns in der gem\u00fctlichen Pizzeria Bahnh\u00f6fli und verbrachten einen geselligen Abend im Pub.<\/p>\n<p>Am Sonntag war Armkraft gefragt, denn wir besuchten den Hochseilpark in Interlaken. Einigen steckte der Samstag (oder wohl eher der Samstagabend) noch in den Knochen, doch das hielt niemanden davon ab, sich auf den verschiedenen Parcours auszutoben. Hoch oben in den Baumkronen \u00fcberwanden wir wacklige Hindernisse und erfreuten uns an rasanten Ziplines.<\/p>\n<p>Ausgepowert und mit einigen blauen Flecken aber gl\u00fccklich und zufrieden gings dann am Abend wieder zur\u00fcck in die Heimat nach Wallbach. Ein grosses Dankesch\u00f6n an die Organisatorin Nicole Kaufmann! Wir blicken gespannt und voller Vorfreude dem n\u00e4chsten gemeinsamen Ausflug entgegen!<\/p>\n<p>[ngg src=&#8220;galleries&#8220; ids=&#8220;11&#8243; display=&#8220;basic_imagebrowser&#8220;]<\/p>\n","protected":false},"excerpt":{"rendered":"<p>Am 13.\/14.08. verbrachte eine 10-k\u00f6pfige Gruppe der Aktivriege ein sportliches Wochenende im Berner Oberland.<\/p>\n","protected":false},"author":2,"featured_media":634,"comment_status":"closed","ping_status":"closed","sticky":false,"template":"","format":"standard","meta":{"footnotes":""},"categories":[9],"tags":[],"class_list":["post-632","post","type-post","status-publish","format-standard","has-post-thumbnail","hentry","category-aktivriege"],"_links":{"self":[{"href":"http:\/\/tv-wallbach.ch\/index.php?rest_route=\/wp\/v2\/posts\/632","targetHints":{"allow":["GET"]}}],"collection":[{"href":"http:\/\/tv-wallbach.ch\/index.php?rest_route=\/wp\/v2\/posts"}],"about":[{"href":"http:\/\/tv-wallbach.ch\/index.php?rest_route=\/wp\/v2\/types\/post"}],"author":[{"embeddable":true,"href":"http:\/\/tv-wallbach.ch\/index.php?rest_route=\/wp\/v2\/users\/2"}],"replies":[{"embeddable":true,"href":"http:\/\/tv-wallbach.ch\/index.php?rest_route=%2Fwp%2Fv2%2Fcomments&post=632"}],"version-history":[{"count":1,"href":"http:\/\/tv-wallbach.ch\/index.php?rest_route=\/wp\/v2\/posts\/632\/revisions"}],"predecessor-version":[{"id":638,"href":"http:\/\/tv-wallbach.ch\/index.php?rest_route=\/wp\/v2\/posts\/632\/revisions\/638"}],"wp:featuredmedia":[{"embeddable":true,"href":"http:\/\/tv-wallbach.ch\/index.php?rest_route=\/wp\/v2\/media\/634"}],"wp:attachment":[{"href":"http:\/\/tv-wallbach.ch\/index.php?rest_route=%2Fwp%2Fv2%2Fmedia&parent=632"}],"wp:term":[{"taxonomy":"category","embeddable":true,"href":"http:\/\/tv-wallbach.ch\/index.php?rest_route=%2Fwp%2Fv2%2Fcategories&post=632"},{"taxonomy":"post_tag","embeddable":true,"href":"http:\/\/tv-wallbach.ch\/index.php?rest_route=%2Fwp%2Fv2%2Ftags&post=632"}],"curies":[{"name":"wp","href":"https:\/\/api.w.org\/{rel}","templated":true}]}}