{"id":659,"date":"2023-01-03T20:01:20","date_gmt":"2023-01-03T19:01:20","guid":{"rendered":"http:\/\/tv-wallbach.ch\/?p=659"},"modified":"2023-01-03T20:06:05","modified_gmt":"2023-01-03T19:06:05","slug":"jahresbericht-mukiturnen","status":"publish","type":"post","link":"http:\/\/tv-wallbach.ch\/?p=659","title":{"rendered":"Jahresbericht Mukiturnen"},"content":{"rendered":"<p>Seit wir die Muki-Turnsaison mit Anmeldung starten, sind wir \u201egewappnet\u201c. Dieses Jahr durften wir 29 Anmeldungen entgegennehmen, was uns sehr freut! Zum Gl\u00fcck d\u00fcrfen wir wieder beide Turnhallen von 08.20 Uhr bis 10.10 Uhr ben\u00fctzen und konnten deshalb alle Anmeldungen ber\u00fccksichtigen.<!--more--><\/p>\n<p>In der 1. Gruppe turnen vorwiegend Kinder, welche im Sommer in den Kindergarten kommen. So k\u00f6nnen sie das Fr\u00fchaufstehen bereits etwas \u00fcben \uf04a. Da sie am Schluss die Turnger\u00e4te stehen lassen d\u00fcrfen, kommen sie in den Genuss von 2 Abschluss-Spielen.<\/p>\n<p>Die 2. Gruppe wartet jeweils schon voller Erwartungen vor der T\u00fcre, bis es endlich losgeht. Es ist immer wieder sch\u00f6n zu beobachten, wie die \u201eneuen\u201c Mukis Vertrauen zu uns und den Turnger\u00e4ten gewinnen und auch mutiger werden.<\/p>\n<p>FELIX hat unz\u00e4hlige Ideen, was wir zusammen turnen und entdecken k\u00f6nnen. Vieles ist altbew\u00e4hrt, macht aber trotzdem immer wieder Spass, wie zum Beispiel der Besuch des Vita-Parcours im Fr\u00fchling!<\/p>\n<p>Wir w\u00fcnschen allen f\u00fcr das 2023 viel Gl\u00fcck und beste Gesundheit.<\/p>\n<p>FELIX, Jeannette und Andrea<\/p>\n<p>PDF Version: <a href=\"http:\/\/tv-wallbach.ch\/wp-content\/uploads\/2023\/01\/Jahresbericht-Mukiturnen-2022.pdf\">Jahresbericht Mukiturnen 2022<\/a><\/p>\n","protected":false},"excerpt":{"rendered":"<p>Seit wir die Muki-Turnsaison mit Anmeldung starten, sind wir \u201egewappnet\u201c. Dieses Jahr durften wir 29 Anmeldungen entgegennehmen, was uns sehr freut! Zum Gl\u00fcck d\u00fcrfen wir &hellip; <\/p>\n","protected":false},"author":2,"featured_media":660,"comment_status":"closed","ping_status":"closed","sticky":false,"template":"","format":"standard","meta":{"footnotes":""},"categories":[8],"tags":[],"class_list":["post-659","post","type-post","status-publish","format-standard","has-post-thumbnail","hentry","category-mukiturnen"],"_links":{"self":[{"href":"http:\/\/tv-wallbach.ch\/index.php?rest_route=\/wp\/v2\/posts\/659","targetHints":{"allow":["GET"]}}],"collection":[{"href":"http:\/\/tv-wallbach.ch\/index.php?rest_route=\/wp\/v2\/posts"}],"about":[{"href":"http:\/\/tv-wallbach.ch\/index.php?rest_route=\/wp\/v2\/types\/post"}],"author":[{"embeddable":true,"href":"http:\/\/tv-wallbach.ch\/index.php?rest_route=\/wp\/v2\/users\/2"}],"replies":[{"embeddable":true,"href":"http:\/\/tv-wallbach.ch\/index.php?rest_route=%2Fwp%2Fv2%2Fcomments&post=659"}],"version-history":[{"count":1,"href":"http:\/\/tv-wallbach.ch\/index.php?rest_route=\/wp\/v2\/posts\/659\/revisions"}],"predecessor-version":[{"id":662,"href":"http:\/\/tv-wallbach.ch\/index.php?rest_route=\/wp\/v2\/posts\/659\/revisions\/662"}],"wp:featuredmedia":[{"embeddable":true,"href":"http:\/\/tv-wallbach.ch\/index.php?rest_route=\/wp\/v2\/media\/660"}],"wp:attachment":[{"href":"http:\/\/tv-wallbach.ch\/index.php?rest_route=%2Fwp%2Fv2%2Fmedia&parent=659"}],"wp:term":[{"taxonomy":"category","embeddable":true,"href":"http:\/\/tv-wallbach.ch\/index.php?rest_route=%2Fwp%2Fv2%2Fcategories&post=659"},{"taxonomy":"post_tag","embeddable":true,"href":"http:\/\/tv-wallbach.ch\/index.php?rest_route=%2Fwp%2Fv2%2Ftags&post=659"}],"curies":[{"name":"wp","href":"https:\/\/api.w.org\/{rel}","templated":true}]}}