{"id":663,"date":"2023-01-03T20:05:26","date_gmt":"2023-01-03T19:05:26","guid":{"rendered":"http:\/\/tv-wallbach.ch\/?p=663"},"modified":"2023-01-03T20:05:26","modified_gmt":"2023-01-03T19:05:26","slug":"jahresbericht-kinderturnen","status":"publish","type":"post","link":"http:\/\/tv-wallbach.ch\/?p=663","title":{"rendered":"Jahresbericht Kinderturnen"},"content":{"rendered":"<p>Nach einem tollen KiTu-Turnen im 2021 durften wir am 13. September 2022 wieder mit 17 angemeldeten Kindergartenkindern starten. F\u00fcr das Leiterteam eine<br \/>\ntolle Best\u00e4tigung f\u00fcr unser Engagement.<!--more-->Mit unserem neuen Aufw\u00e4rmlied \u00abDer K\u00f6rperteil Blue\u00bb konnten wir die Kinder schnell begeistern. Da wird von Kopf bis Fuss, mit viel Spass und Rhythmus, alles aufgew\u00e4rmt. Danach d\u00fcrfen sich die Kinder \u00fcber ein abwechslungsreiches Programm freuen, welches von der Yoga-Stunde bis zum Themenparcours, wie unser diesj\u00e4hriger HalloweenParcours, reicht. Wie Ihr auf dem Foto seht, eine wirklich lustige Gruppe.<\/p>\n<p>Auch im neuen Jahr d\u00fcrfen sich die Kinder auf weitere spannende Turnstunden freuen. Mehr wollen wir nicht verraten.<\/p>\n<p>Sportliche Gr\u00fcsse<\/p>\n<p>Euer KiTu-Team<br \/>\nIrene Allensbach, Eveline Guarda und Corinne Stocker<\/p>\n<p>PDF Version: <a href=\"http:\/\/tv-wallbach.ch\/wp-content\/uploads\/2023\/01\/Jahresbericht-KiTu-2022.pdf\">Jahresbericht KiTu 2022<\/a><\/p>\n","protected":false},"excerpt":{"rendered":"<p>Nach einem tollen KiTu-Turnen im 2021 durften wir am 13. September 2022 wieder mit 17 angemeldeten Kindergartenkindern starten. F\u00fcr das Leiterteam eine tolle Best\u00e4tigung f\u00fcr &hellip; <\/p>\n","protected":false},"author":2,"featured_media":664,"comment_status":"closed","ping_status":"closed","sticky":false,"template":"","format":"standard","meta":{"footnotes":""},"categories":[7],"tags":[],"class_list":["post-663","post","type-post","status-publish","format-standard","has-post-thumbnail","hentry","category-kinderturnen"],"_links":{"self":[{"href":"http:\/\/tv-wallbach.ch\/index.php?rest_route=\/wp\/v2\/posts\/663","targetHints":{"allow":["GET"]}}],"collection":[{"href":"http:\/\/tv-wallbach.ch\/index.php?rest_route=\/wp\/v2\/posts"}],"about":[{"href":"http:\/\/tv-wallbach.ch\/index.php?rest_route=\/wp\/v2\/types\/post"}],"author":[{"embeddable":true,"href":"http:\/\/tv-wallbach.ch\/index.php?rest_route=\/wp\/v2\/users\/2"}],"replies":[{"embeddable":true,"href":"http:\/\/tv-wallbach.ch\/index.php?rest_route=%2Fwp%2Fv2%2Fcomments&post=663"}],"version-history":[{"count":1,"href":"http:\/\/tv-wallbach.ch\/index.php?rest_route=\/wp\/v2\/posts\/663\/revisions"}],"predecessor-version":[{"id":666,"href":"http:\/\/tv-wallbach.ch\/index.php?rest_route=\/wp\/v2\/posts\/663\/revisions\/666"}],"wp:featuredmedia":[{"embeddable":true,"href":"http:\/\/tv-wallbach.ch\/index.php?rest_route=\/wp\/v2\/media\/664"}],"wp:attachment":[{"href":"http:\/\/tv-wallbach.ch\/index.php?rest_route=%2Fwp%2Fv2%2Fmedia&parent=663"}],"wp:term":[{"taxonomy":"category","embeddable":true,"href":"http:\/\/tv-wallbach.ch\/index.php?rest_route=%2Fwp%2Fv2%2Fcategories&post=663"},{"taxonomy":"post_tag","embeddable":true,"href":"http:\/\/tv-wallbach.ch\/index.php?rest_route=%2Fwp%2Fv2%2Ftags&post=663"}],"curies":[{"name":"wp","href":"https:\/\/api.w.org\/{rel}","templated":true}]}}