{"id":667,"date":"2023-01-03T20:17:05","date_gmt":"2023-01-03T19:17:05","guid":{"rendered":"http:\/\/tv-wallbach.ch\/?p=667"},"modified":"2023-01-03T20:17:05","modified_gmt":"2023-01-03T19:17:05","slug":"jahresbericht-aktivriege","status":"publish","type":"post","link":"http:\/\/tv-wallbach.ch\/?p=667","title":{"rendered":"Jahresbericht Aktivriege"},"content":{"rendered":"<p><strong>Skiweekend \u2013 Grindelwald, 05.\/06.02.2022<\/strong><br \/>\nDer Berg ruft und zwar immer am ersten Wochenende im Februar. Zusammen mit der Fitnessriege verbrachten wir zwei Tage im Schnee mit Ski-\/Snowboardfahren und Schlitteln in geselliger Runde und ja auch mit den altbekannten \u00abFr\u00f6schli\u00bb. Ein herzliches Dankesch\u00f6n an den Organisator Thierry!<\/p>\n<p><a href=\"http:\/\/tv-wallbach.ch\/wp-content\/uploads\/2023\/01\/Aktivriege-1.png\"><img loading=\"lazy\" decoding=\"async\" class=\"alignnone size-medium wp-image-669\" src=\"http:\/\/tv-wallbach.ch\/wp-content\/uploads\/2023\/01\/Aktivriege-1-300x153.png\" alt=\"\" width=\"300\" height=\"153\" srcset=\"http:\/\/tv-wallbach.ch\/wp-content\/uploads\/2023\/01\/Aktivriege-1-300x153.png 300w, http:\/\/tv-wallbach.ch\/wp-content\/uploads\/2023\/01\/Aktivriege-1-1024x523.png 1024w, http:\/\/tv-wallbach.ch\/wp-content\/uploads\/2023\/01\/Aktivriege-1-768x392.png 768w, http:\/\/tv-wallbach.ch\/wp-content\/uploads\/2023\/01\/Aktivriege-1-1536x785.png 1536w, http:\/\/tv-wallbach.ch\/wp-content\/uploads\/2023\/01\/Aktivriege-1-2048x1046.png 2048w, http:\/\/tv-wallbach.ch\/wp-content\/uploads\/2023\/01\/Aktivriege-1-128x65.png 128w, http:\/\/tv-wallbach.ch\/wp-content\/uploads\/2023\/01\/Aktivriege-1-32x16.png 32w\" sizes=\"auto, (max-width: 300px) 100vw, 300px\" \/><\/a><\/p>\n<p><strong>Volleyballturnier \u2013 Wittnau, 23.04.2022<\/strong><br \/>\nDieses Jahr wagten wir uns etwas weiter in die grosse weite Welt hinaus: Statt der Volleynight im Busteli in Stein massen wir uns mit anderen Volleyball-Fans am Plauschturnier in Wittnau. Wenn wir auf dem Feld nicht gerade eine Meisterleistung vollzogen haben, dann wenigstens auf dem Nachhauseweg (Bemerkung: zu Fuss!). Spass hatten wir allemal!<\/p>\n<p><a href=\"http:\/\/tv-wallbach.ch\/wp-content\/uploads\/2023\/01\/Aktivriege-2.png\"><img loading=\"lazy\" decoding=\"async\" class=\"alignnone size-medium wp-image-670\" src=\"http:\/\/tv-wallbach.ch\/wp-content\/uploads\/2023\/01\/Aktivriege-2-300x120.png\" alt=\"\" width=\"300\" height=\"120\" srcset=\"http:\/\/tv-wallbach.ch\/wp-content\/uploads\/2023\/01\/Aktivriege-2-300x120.png 300w, http:\/\/tv-wallbach.ch\/wp-content\/uploads\/2023\/01\/Aktivriege-2-1024x410.png 1024w, http:\/\/tv-wallbach.ch\/wp-content\/uploads\/2023\/01\/Aktivriege-2-768x307.png 768w, http:\/\/tv-wallbach.ch\/wp-content\/uploads\/2023\/01\/Aktivriege-2-1536x615.png 1536w, http:\/\/tv-wallbach.ch\/wp-content\/uploads\/2023\/01\/Aktivriege-2-2048x820.png 2048w, http:\/\/tv-wallbach.ch\/wp-content\/uploads\/2023\/01\/Aktivriege-2-128x51.png 128w, http:\/\/tv-wallbach.ch\/wp-content\/uploads\/2023\/01\/Aktivriege-2-32x13.png 32w\" sizes=\"auto, (max-width: 300px) 100vw, 300px\" \/><\/a><\/p>\n<p><strong>H\u00fcttliputztag \u2013 Wallbach, 11.06.2022<\/strong><br \/>\nSportlich zeigen wir uns nat\u00fcrlich immer von unserer besten Seite und so soll es auch unserem Vereins-H\u00fc\u00fcsli gehen. Also haben wir auch dieses Jahr keinen Stein auf dem anderen gelassen und mal wieder so richtig durchgefegt, und das sogar in einer \u00abextended version\u00bb, denn auch der Dr\u00f6schschuppen etc. wurden auf den Kopf gestellt \u2013 auch hier darf der Spass und Sport nicht fehlen \ud83d\ude0a.<\/p>\n<p><a href=\"http:\/\/tv-wallbach.ch\/wp-content\/uploads\/2023\/01\/Aktivriege-3.png\"><img loading=\"lazy\" decoding=\"async\" class=\"alignnone size-medium wp-image-671\" src=\"http:\/\/tv-wallbach.ch\/wp-content\/uploads\/2023\/01\/Aktivriege-3-300x141.png\" alt=\"\" width=\"300\" height=\"141\" srcset=\"http:\/\/tv-wallbach.ch\/wp-content\/uploads\/2023\/01\/Aktivriege-3-300x141.png 300w, http:\/\/tv-wallbach.ch\/wp-content\/uploads\/2023\/01\/Aktivriege-3-768x360.png 768w, http:\/\/tv-wallbach.ch\/wp-content\/uploads\/2023\/01\/Aktivriege-3-128x60.png 128w, http:\/\/tv-wallbach.ch\/wp-content\/uploads\/2023\/01\/Aktivriege-3-32x15.png 32w, http:\/\/tv-wallbach.ch\/wp-content\/uploads\/2023\/01\/Aktivriege-3.png 945w\" sizes=\"auto, (max-width: 300px) 100vw, 300px\" \/><\/a><\/p>\n<p><strong>Gr\u00fcmpeli \u2013 Wallbach, 18.06.2022<\/strong><br \/>\nUnser Motto f\u00fcr das diesj\u00e4hrige Gr\u00fcmpelturnier lautete: \u00abDrei Engel f\u00fcr St\u00f6ffel!\u00bb. Einen Nachmittag lang bugsierten wir das lederne Runde gekonnt durch einen Hindernisparcours, trafen die L\u00f6cher der Torwand sowie die Billiard-Taschen, warfen zielsicher an die Torlatte und liessen den Ball in der Mitte des Curlingfeldes zum Liegen kommen (so zumindest das Best-Case-Szenario \ud83d\ude0a).<\/p>\n<p><a href=\"http:\/\/tv-wallbach.ch\/wp-content\/uploads\/2023\/01\/Aktivriege-4.jpg\"><img loading=\"lazy\" decoding=\"async\" class=\"alignnone size-medium wp-image-672\" src=\"http:\/\/tv-wallbach.ch\/wp-content\/uploads\/2023\/01\/Aktivriege-4-300x225.jpg\" alt=\"\" width=\"300\" height=\"225\" srcset=\"http:\/\/tv-wallbach.ch\/wp-content\/uploads\/2023\/01\/Aktivriege-4-300x225.jpg 300w, http:\/\/tv-wallbach.ch\/wp-content\/uploads\/2023\/01\/Aktivriege-4-128x96.jpg 128w, http:\/\/tv-wallbach.ch\/wp-content\/uploads\/2023\/01\/Aktivriege-4-32x24.jpg 32w, http:\/\/tv-wallbach.ch\/wp-content\/uploads\/2023\/01\/Aktivriege-4.jpg 431w\" sizes=\"auto, (max-width: 300px) 100vw, 300px\" \/><\/a><\/p>\n<p><strong>Schlauchbootrennen \u2013 Wallbach, 10.07.2022<\/strong><br \/>\nWenn es heisst \u00abZieh, zieh, zieh\u2026\u00bb, dann ist rudern gemeint und das taten je 3 stramme Turnerinnen und Turner sowie unsere Steuerfrau Joelle mit voller Kraft, was die schmerzenden Muskeln nach dem Rennen bezeugen k\u00f6nnen. Am Ende reichte es daher f\u00fcr einen tollen 2. Platz in der Mixed-Kategorie, f\u00fcr n\u00e4chstes Jahr peilen wir ganz klar den Sieg an. \u00abRuderer Of The Race\u00bb war Michi (wir wissen schon warum \ud83d\ude09), zur Belohnung gabs dann noch einen echten Abtaucher in die erfrischenden Fluten des Rheins.<\/p>\n<p><a href=\"http:\/\/tv-wallbach.ch\/wp-content\/uploads\/2023\/01\/Aktivriege-5.png\"><img loading=\"lazy\" decoding=\"async\" class=\"alignnone size-medium wp-image-673\" src=\"http:\/\/tv-wallbach.ch\/wp-content\/uploads\/2023\/01\/Aktivriege-5-300x195.png\" alt=\"\" width=\"300\" height=\"195\" srcset=\"http:\/\/tv-wallbach.ch\/wp-content\/uploads\/2023\/01\/Aktivriege-5-300x195.png 300w, http:\/\/tv-wallbach.ch\/wp-content\/uploads\/2023\/01\/Aktivriege-5-1024x664.png 1024w, http:\/\/tv-wallbach.ch\/wp-content\/uploads\/2023\/01\/Aktivriege-5-768x498.png 768w, http:\/\/tv-wallbach.ch\/wp-content\/uploads\/2023\/01\/Aktivriege-5-1536x996.png 1536w, http:\/\/tv-wallbach.ch\/wp-content\/uploads\/2023\/01\/Aktivriege-5-2048x1328.png 2048w, http:\/\/tv-wallbach.ch\/wp-content\/uploads\/2023\/01\/Aktivriege-5-128x83.png 128w, http:\/\/tv-wallbach.ch\/wp-content\/uploads\/2023\/01\/Aktivriege-5-32x21.png 32w\" sizes=\"auto, (max-width: 300px) 100vw, 300px\" \/><\/a><\/p>\n<p><strong>Kantonales Turnfest \u2013 Wettingen, 24.06.2022<\/strong><br \/>\nFeuchtfr\u00f6hlich auch anders: Und zwar ist damit nicht nur die durch regen Alkoholkonsum ausgelassene und vergn\u00fcgliche Stimmung gemeint, sondern auch die Wetterverh\u00e4ltnisse. Das Regenwetter konnte unsere Stimmung nicht tr\u00fcben und schon gar nicht unsere Leistung schm\u00e4lern, erreichten wir zum Beispiel im Fachtest Unihockey gar eine 9.63!<\/p>\n<p><a href=\"http:\/\/tv-wallbach.ch\/wp-content\/uploads\/2023\/01\/Aktivriege-6.jpg\"><img loading=\"lazy\" decoding=\"async\" class=\"alignnone size-full wp-image-674\" src=\"http:\/\/tv-wallbach.ch\/wp-content\/uploads\/2023\/01\/Aktivriege-6.jpg\" alt=\"\" width=\"187\" height=\"241\" srcset=\"http:\/\/tv-wallbach.ch\/wp-content\/uploads\/2023\/01\/Aktivriege-6.jpg 187w, http:\/\/tv-wallbach.ch\/wp-content\/uploads\/2023\/01\/Aktivriege-6-99x128.jpg 99w, http:\/\/tv-wallbach.ch\/wp-content\/uploads\/2023\/01\/Aktivriege-6-25x32.jpg 25w\" sizes=\"auto, (max-width: 187px) 100vw, 187px\" \/><\/a><\/p>\n<p><strong>Sommerprogramm \u2013 diverse Orte, 05.07. bis 02.08.2022<\/strong><br \/>\nIn der Sommerferienpause geniessen wir das gesellige Beisammensein unter Sportsfreunden bei einem Potpourri aus verschiedenen Aktivit\u00e4ten wie Velotour ins Busteli mit Minigolf (Rechnen muss man hier auch noch k\u00f6nnen), Padel, Rheinschwimmen etc. Da wir das ganze Jahr \u00fcber an unseren Astral-k\u00f6rpern arbeiten, darf es dann in den Sommerferien auch mal Pizza sein \ud83d\ude0a.<\/p>\n<p><a href=\"http:\/\/tv-wallbach.ch\/wp-content\/uploads\/2023\/01\/Aktivriege-7.png\"><img loading=\"lazy\" decoding=\"async\" class=\"alignnone size-medium wp-image-675\" src=\"http:\/\/tv-wallbach.ch\/wp-content\/uploads\/2023\/01\/Aktivriege-7-300x87.png\" alt=\"\" width=\"300\" height=\"87\" srcset=\"http:\/\/tv-wallbach.ch\/wp-content\/uploads\/2023\/01\/Aktivriege-7-300x87.png 300w, http:\/\/tv-wallbach.ch\/wp-content\/uploads\/2023\/01\/Aktivriege-7-1024x297.png 1024w, http:\/\/tv-wallbach.ch\/wp-content\/uploads\/2023\/01\/Aktivriege-7-768x222.png 768w, http:\/\/tv-wallbach.ch\/wp-content\/uploads\/2023\/01\/Aktivriege-7-1536x445.png 1536w, http:\/\/tv-wallbach.ch\/wp-content\/uploads\/2023\/01\/Aktivriege-7-2048x593.png 2048w, http:\/\/tv-wallbach.ch\/wp-content\/uploads\/2023\/01\/Aktivriege-7-128x37.png 128w, http:\/\/tv-wallbach.ch\/wp-content\/uploads\/2023\/01\/Aktivriege-7-32x9.png 32w\" sizes=\"auto, (max-width: 300px) 100vw, 300px\" \/><\/a><\/p>\n<p><strong>Turnfahrt \u2013 Meiringen, 13.\/14.08.2022<\/strong><br \/>\nIn Meiringen gings hoch hinaus: Samstags zuerst hoch in die Berge bis zum \u00abAlpen-Tower\u00bb mit wundersch\u00f6nem Bergpanorama und zwischenzeitlicher mutiger Kuhrettung. Sonntags dann hoch in die Baumkronen im Hochseilpark bei Interlaken. Ein grosses Dankesch\u00f6n an die Organisatorin Nicole!<\/p>\n<p><a href=\"http:\/\/tv-wallbach.ch\/wp-content\/uploads\/2023\/01\/Aktivriege-8.png\"><img loading=\"lazy\" decoding=\"async\" class=\"alignnone size-medium wp-image-676\" src=\"http:\/\/tv-wallbach.ch\/wp-content\/uploads\/2023\/01\/Aktivriege-8-300x142.png\" alt=\"\" width=\"300\" height=\"142\" srcset=\"http:\/\/tv-wallbach.ch\/wp-content\/uploads\/2023\/01\/Aktivriege-8-300x142.png 300w, http:\/\/tv-wallbach.ch\/wp-content\/uploads\/2023\/01\/Aktivriege-8-1024x485.png 1024w, http:\/\/tv-wallbach.ch\/wp-content\/uploads\/2023\/01\/Aktivriege-8-768x364.png 768w, http:\/\/tv-wallbach.ch\/wp-content\/uploads\/2023\/01\/Aktivriege-8-1536x728.png 1536w, http:\/\/tv-wallbach.ch\/wp-content\/uploads\/2023\/01\/Aktivriege-8-2048x970.png 2048w, http:\/\/tv-wallbach.ch\/wp-content\/uploads\/2023\/01\/Aktivriege-8-128x61.png 128w, http:\/\/tv-wallbach.ch\/wp-content\/uploads\/2023\/01\/Aktivriege-8-32x15.png 32w\" sizes=\"auto, (max-width: 300px) 100vw, 300px\" \/><\/a><\/p>\n<p>Auf weitere tolle Erlebnisse zusammen in der Aktivriege! Ich freue mich auf ein ereignisreiches 2023 mit euch \ud83d\ude09<\/p>\n<p>Sportliche Gr\u00fcsse<br \/>\nBelinda, Leiterin Aktivriege<\/p>\n<p>PDF Version: <a href=\"http:\/\/tv-wallbach.ch\/wp-content\/uploads\/2023\/01\/Jahresbericht-Aktivriege.pdf\">Jahresbericht Aktivriege<\/a><\/p>\n","protected":false},"excerpt":{"rendered":"<p>Skiweekend \u2013 Grindelwald, 05.\/06.02.2022 Der Berg ruft und zwar immer am ersten Wochenende im Februar. Zusammen mit der Fitnessriege verbrachten wir zwei Tage im Schnee &hellip; <\/p>\n","protected":false},"author":2,"featured_media":676,"comment_status":"closed","ping_status":"closed","sticky":false,"template":"","format":"standard","meta":{"footnotes":""},"categories":[9],"tags":[],"class_list":["post-667","post","type-post","status-publish","format-standard","has-post-thumbnail","hentry","category-aktivriege"],"_links":{"self":[{"href":"http:\/\/tv-wallbach.ch\/index.php?rest_route=\/wp\/v2\/posts\/667","targetHints":{"allow":["GET"]}}],"collection":[{"href":"http:\/\/tv-wallbach.ch\/index.php?rest_route=\/wp\/v2\/posts"}],"about":[{"href":"http:\/\/tv-wallbach.ch\/index.php?rest_route=\/wp\/v2\/types\/post"}],"author":[{"embeddable":true,"href":"http:\/\/tv-wallbach.ch\/index.php?rest_route=\/wp\/v2\/users\/2"}],"replies":[{"embeddable":true,"href":"http:\/\/tv-wallbach.ch\/index.php?rest_route=%2Fwp%2Fv2%2Fcomments&post=667"}],"version-history":[{"count":1,"href":"http:\/\/tv-wallbach.ch\/index.php?rest_route=\/wp\/v2\/posts\/667\/revisions"}],"predecessor-version":[{"id":677,"href":"http:\/\/tv-wallbach.ch\/index.php?rest_route=\/wp\/v2\/posts\/667\/revisions\/677"}],"wp:featuredmedia":[{"embeddable":true,"href":"http:\/\/tv-wallbach.ch\/index.php?rest_route=\/wp\/v2\/media\/676"}],"wp:attachment":[{"href":"http:\/\/tv-wallbach.ch\/index.php?rest_route=%2Fwp%2Fv2%2Fmedia&parent=667"}],"wp:term":[{"taxonomy":"category","embeddable":true,"href":"http:\/\/tv-wallbach.ch\/index.php?rest_route=%2Fwp%2Fv2%2Fcategories&post=667"},{"taxonomy":"post_tag","embeddable":true,"href":"http:\/\/tv-wallbach.ch\/index.php?rest_route=%2Fwp%2Fv2%2Ftags&post=667"}],"curies":[{"name":"wp","href":"https:\/\/api.w.org\/{rel}","templated":true}]}}