{"id":678,"date":"2023-01-03T20:24:49","date_gmt":"2023-01-03T19:24:49","guid":{"rendered":"http:\/\/tv-wallbach.ch\/?p=678"},"modified":"2023-01-03T20:24:49","modified_gmt":"2023-01-03T19:24:49","slug":"jahresbericht-fitnessriege","status":"publish","type":"post","link":"http:\/\/tv-wallbach.ch\/?p=678","title":{"rendered":"Jahresbericht Fitnessriege"},"content":{"rendered":"<p>Auch dieses Jahr verzichteten wir auf unseren traditionellen Dreik\u00f6nigs-Jass im H\u00fcttli als Start in das neue Jahr. Das Wetter hat mitgespielt, so haben wir einen Spaziergang gemacht, welcher bei Cat und Mika geendet hat, wo wir es uns bei Champagner, Dreik\u00f6nigskuchen, Baileys-Panettone und Gl\u00fchwein gut gehen liessen.<\/p>\n<p>In den ersten Monaten bet\u00e4tigten wir uns eher draussen, jeweils mit walken. Auch am 13.01. haben wir das kalte, aber sehr sch\u00f6ne Wetter ausgenutzt und eine Runde gedreht. Ein spezieller Donnerstag, nachdem sich Sabine etwas fr\u00fcher verabschiedet hat, mussten wir feststellen, dass mehr M\u00e4nner als Frauen anwesend waren. Das hat es noch nicht so viele Male gegeben!<\/p>\n<p>Am 03.02. stand eine Lektion Spinefitter mit Nadja auf dem Programm. Es hat uns sehr gut gefallen und auch gutgetan.<\/p>\n<p>Nat\u00fcrlich war auch das Ski-weekend anfangs Februar wieder auf unserer Agenda zu finden, dieses Jahr in Grindelwald.<\/p>\n<p>Am 01.04. (Datum verschoben) hat unsere GV in der Aula der Turnhalle, in einem etwas anderen Rahmen, stattgefunden. Mit dem anschliessenden Ap\u00e9ro, bei welchem sich unterschiedliche Gruppen gefunden und sich interessante Gespr\u00e4che ergeben haben, war es meines Erachtens eine f\u00fcr einmal etwas andere, aber sehr gelungene GV.<\/p>\n<p>Mit Reto durften wir am 06.05. seinen \u00dcbertritt in den \u00abUnruhestand\u00bb, sowie seinen Geburtstag feiern. Ein sehr sch\u00f6nes Fest. Auf Grund der unsicheren und kalten Wetterlage wurde der Anlass kurzfristig ins Depot der Pontoniere verlegt. Der tollen Stimmung hat das aber keinen Abbruch getan.<\/p>\n<p>Damit sich die TI\/TU, welche sich f\u00fcr das Aarg. Kantonalturnfest in Wettingen angemeldet haben, entsprechend vorbereiten konnten, haben sich unsere Wege wieder getrennt. F\u00fcr TUFE war unter der Anleitung von Andrea Fit+Fun angesagt, w\u00e4hrend NITUFE sich mit walken, Velo fahren oder in der Turnhalle bet\u00e4tigten. Einmal konnten wir beim walken auf der \u00abRheinufer\/Waldroute\u00bb auch noch die Skulpturen\/Bilderausstellung geniessen. Um 21.30 h war jeweils Treffpunkt im Fabriggli.<\/p>\n<p>Am 23.06. haben wir uns zum Yoga im Garten der Fam. Fromherz verabredet.<\/p>\n<p><strong>Aarg. Kantonalturnfest in Wettingen<\/strong><\/p>\n<p>Nach der intensiven Vorbereitung machten sich am Samstag, 25.06. 6 TI\/TU auf den Weg nach Wettingen, um am Aarg. Kantonalturnfest teilzunehmen. Unterst\u00fctzt wurden sie dabei von unserem KARI Marc.<\/p>\n<p>6 verschiedene Fit+Fun Elemente mussten in Gruppen geturnt werden und die nachfolgenden Resultate konnten verbucht werden.<\/p>\n<p><a href=\"http:\/\/tv-wallbach.ch\/wp-content\/uploads\/2023\/01\/Fitness-1.png\"><img loading=\"lazy\" decoding=\"async\" class=\"alignnone size-full wp-image-679\" src=\"http:\/\/tv-wallbach.ch\/wp-content\/uploads\/2023\/01\/Fitness-1.png\" alt=\"\" width=\"605\" height=\"21\" srcset=\"http:\/\/tv-wallbach.ch\/wp-content\/uploads\/2023\/01\/Fitness-1.png 605w, http:\/\/tv-wallbach.ch\/wp-content\/uploads\/2023\/01\/Fitness-1-300x10.png 300w, http:\/\/tv-wallbach.ch\/wp-content\/uploads\/2023\/01\/Fitness-1-128x4.png 128w, http:\/\/tv-wallbach.ch\/wp-content\/uploads\/2023\/01\/Fitness-1-32x1.png 32w\" sizes=\"auto, (max-width: 605px) 100vw, 605px\" \/><\/a><\/p>\n<p>Den Bildern nach zu urteilen, welche wir von diesem Turnanlass erhalten haben, hat unsere Gruppe einen sch\u00f6nen, erlebnisreichen und auch sehr heissen Tag in Wettingen verbracht.<\/p>\n<p><strong>Sommerprogramm<\/strong><\/p>\n<p>In unserem Sommerprogramm wurde das sch\u00f6ne Wetter ausgenutzt. 2x war schwimmen angesagt und nat\u00fcrlich durfte eine Runde Minigolf auch nicht fehlen.<\/p>\n<p>Am 10.07. ist 1 Boot am Schlauchbootrennen der Pontoniere gestartet. Kurzfristig mussten wir noch einen Ersatz suchen (Patrick G\u00fcntert). Unser Einsatz hat sich gelohnt, wir haben gewonnen! Nach unseren Anstrengungen durften wir es uns gut gehen lassen. K\u00f6stlicher Speckgugelhopf, zum Dessert Aprikosenbutz und Latte Macchiato Cake &#8211; wie immer von Elsbeth f\u00fcr uns gemacht &#8211; liessen unsere Herzen h\u00f6her schlagen. Dazu gab es auch noch den einen oder anderen Schluck Ap\u00e9rol Spritz.<\/p>\n<p>Die folgenden Donnerstage wurden mit Turnstunden in der Halle oder je nach Wetter auch draussen, inklusive einer Velo-Tour mit Halt im Anker Mumpf, ausgef\u00fcllt. Am 11.08. durften wir nach einer Runde walken bei Christian in der Rheinstrasse einkehren. Wir konnten bei ihm im Garten einen sehr sch\u00f6nen Abend verbringen, haben ihn bei seinem \u00dcbergang ins \u00abRentnerleben\u00bb unterst\u00fctzt und auch nachtr\u00e4glich auf seinen Geburtstag angestossen. Auf Grund der positiven R\u00fcckmeldungen wurde f\u00fcr den 20.10 eine weitere Lektion Spinefitter eingeplant.<\/p>\n<p>Ein kleines Tr\u00fcppchen hat sich am 21.10. mit den Aktiven auf der Wiesn des FC einen Tisch geteilt.<\/p>\n<p><strong>Schulreise<\/strong><\/p>\n<p>Zu unserer geplanten Schulreise sind wir am Samstag, 22.10. um 09.00 h aufgebrochen. Nach einem ausgedehnten Marsch \u00fcber die Sch\u00f6negg, dem Waldrand entlang nach Zeiningen, haben wir nach mehrmaligem Nachfragen den Sonnenberg doch noch gefunden. Wer aber angenommen hat, dass es dort eine Pause gibt, hatte sich get\u00e4uscht. Nach 10 Minuten ausruhen, wurde der \u00abAbstieg\u00bb unter die F\u00fcsse genommen. Erst beim Grillplatz an der Verzweigung M\u00f6hlin\/Sonnenberg\/Maisprach\/Magden wurde eine ausgedehnte Rast eingelegt. Die Verpflegung kam aus dem Rucksack, der Ap\u00e9ro per \u00abLieferdienst\u00bb. Gest\u00e4rkt f\u00fchrte uns der Weg \u00fcber den Galgen oberhalb Magden zum Bunker \u00c4engi Ost, welchen wir in 2 Gruppen besichtigen konnten. Die sehr interessante F\u00fchrung hat auch ein Opfer gefordert, welches jedoch nach einem Bier die Fassung wieder gefunden hat. Weiter ging es nach Rheinfelden, zu einem kurzen Halt in der Marktgasse im Rest. Gambrinus und danach zu einem feinen Essen ins Rest. R\u00f6ssli. Mit Zug und Bus machten wir uns sp\u00e4ter am Abend auf den Heimweg. Wenn Engel reisen \u2026\u2026. ! Nachdem es die Tage vor unserer Schulreise mehr oder weniger durchgehend geregnet hat und auch am Morgen das Wetter noch sehr durchzogen war, wurde dieses kurz gesagt \u00abprachtvoll\u00bb. Petrus war uns hold, wir durften einen wunderbaren Herbsttag geniessen.<\/p>\n<p>Am letzten Donnerstag vor Weihnachten (22.10.) war Feuerabend geplant. Kurzfristig musste umdisponiert und der Anlass ins TV-H\u00fcttli verlegt werden. Das hat jedoch unserer guten Laune nicht geschadet. Nach einem guten Ap\u00e9ro mit Knoblauch-Zupfbrot und Hot Ap\u00e9rol von Ir\u00e8ne, sowie Gl\u00fchwein vor dem H\u00fcttli, haben wir uns f\u00fcr\u2019s Fondue hinein verschoben. Nat\u00fcrlich durfte auch ein feines Dessert nicht fehlen! Latte Macchiato Cake von Elsbeth, Zitronen\/Orangen Madeleines von Marianne und Anis-Br\u00f6tli von Ir\u00e8ne. Herzlichen Dank an Reto, sowohl f\u00fcr das Feuer vor, wie auch im H\u00fcttli und nat\u00fcrlich f\u00fcr den Materialtransport, obwohl er den Abend krankheitsbedingt nicht mit uns verbringen konnte.<\/p>\n<p>Am Sonntag, 25.12. haben wir Turnernachwuchs bekommen. Nochmals herzlichen Gl\u00fcckw\u00fcnsch an die gl\u00fccklichen Eltern Cat und Mika zur Geburt ihres Emil.<\/p>\n<p><strong>Schlauchbootrennen<\/strong><\/p>\n<p><a href=\"http:\/\/tv-wallbach.ch\/wp-content\/uploads\/2023\/01\/Fitness-2.jpg\"><img loading=\"lazy\" decoding=\"async\" class=\"alignnone size-medium wp-image-680\" src=\"http:\/\/tv-wallbach.ch\/wp-content\/uploads\/2023\/01\/Fitness-2-300x225.jpg\" alt=\"\" width=\"300\" height=\"225\" srcset=\"http:\/\/tv-wallbach.ch\/wp-content\/uploads\/2023\/01\/Fitness-2-300x225.jpg 300w, http:\/\/tv-wallbach.ch\/wp-content\/uploads\/2023\/01\/Fitness-2-1024x768.jpg 1024w, http:\/\/tv-wallbach.ch\/wp-content\/uploads\/2023\/01\/Fitness-2-768x576.jpg 768w, http:\/\/tv-wallbach.ch\/wp-content\/uploads\/2023\/01\/Fitness-2-128x96.jpg 128w, http:\/\/tv-wallbach.ch\/wp-content\/uploads\/2023\/01\/Fitness-2-32x24.jpg 32w, http:\/\/tv-wallbach.ch\/wp-content\/uploads\/2023\/01\/Fitness-2.jpg 1342w\" sizes=\"auto, (max-width: 300px) 100vw, 300px\" \/><\/a> <a href=\"http:\/\/tv-wallbach.ch\/wp-content\/uploads\/2023\/01\/Fitness-3.jpg\"><img loading=\"lazy\" decoding=\"async\" class=\"alignnone size-medium wp-image-681\" src=\"http:\/\/tv-wallbach.ch\/wp-content\/uploads\/2023\/01\/Fitness-3-300x225.jpg\" alt=\"\" width=\"300\" height=\"225\" srcset=\"http:\/\/tv-wallbach.ch\/wp-content\/uploads\/2023\/01\/Fitness-3-300x225.jpg 300w, http:\/\/tv-wallbach.ch\/wp-content\/uploads\/2023\/01\/Fitness-3-1024x768.jpg 1024w, http:\/\/tv-wallbach.ch\/wp-content\/uploads\/2023\/01\/Fitness-3-768x576.jpg 768w, http:\/\/tv-wallbach.ch\/wp-content\/uploads\/2023\/01\/Fitness-3-128x96.jpg 128w, http:\/\/tv-wallbach.ch\/wp-content\/uploads\/2023\/01\/Fitness-3-32x24.jpg 32w, http:\/\/tv-wallbach.ch\/wp-content\/uploads\/2023\/01\/Fitness-3.jpg 1366w\" sizes=\"auto, (max-width: 300px) 100vw, 300px\" \/><\/a><\/p>\n<p><strong>Aarg. Kantonalturnfest Wettingen<\/strong><\/p>\n<p><a href=\"http:\/\/tv-wallbach.ch\/wp-content\/uploads\/2023\/01\/Fitness-4.jpg\"><img loading=\"lazy\" decoding=\"async\" class=\"alignnone size-medium wp-image-682\" src=\"http:\/\/tv-wallbach.ch\/wp-content\/uploads\/2023\/01\/Fitness-4-300x225.jpg\" alt=\"\" width=\"300\" height=\"225\" srcset=\"http:\/\/tv-wallbach.ch\/wp-content\/uploads\/2023\/01\/Fitness-4-300x225.jpg 300w, http:\/\/tv-wallbach.ch\/wp-content\/uploads\/2023\/01\/Fitness-4-1024x768.jpg 1024w, http:\/\/tv-wallbach.ch\/wp-content\/uploads\/2023\/01\/Fitness-4-768x576.jpg 768w, http:\/\/tv-wallbach.ch\/wp-content\/uploads\/2023\/01\/Fitness-4-128x96.jpg 128w, http:\/\/tv-wallbach.ch\/wp-content\/uploads\/2023\/01\/Fitness-4-32x24.jpg 32w, http:\/\/tv-wallbach.ch\/wp-content\/uploads\/2023\/01\/Fitness-4.jpg 1253w\" sizes=\"auto, (max-width: 300px) 100vw, 300px\" \/><\/a><\/p>\n<p><strong>Gem\u00fctliches Beisammensein 14.07. im Fabriggli<\/strong><\/p>\n<p><a href=\"http:\/\/tv-wallbach.ch\/wp-content\/uploads\/2023\/01\/Fitness-5.jpg\"><img loading=\"lazy\" decoding=\"async\" class=\"alignnone size-medium wp-image-683\" src=\"http:\/\/tv-wallbach.ch\/wp-content\/uploads\/2023\/01\/Fitness-5-300x225.jpg\" alt=\"\" width=\"300\" height=\"225\" srcset=\"http:\/\/tv-wallbach.ch\/wp-content\/uploads\/2023\/01\/Fitness-5-300x225.jpg 300w, http:\/\/tv-wallbach.ch\/wp-content\/uploads\/2023\/01\/Fitness-5-1024x768.jpg 1024w, http:\/\/tv-wallbach.ch\/wp-content\/uploads\/2023\/01\/Fitness-5-768x576.jpg 768w, http:\/\/tv-wallbach.ch\/wp-content\/uploads\/2023\/01\/Fitness-5-128x96.jpg 128w, http:\/\/tv-wallbach.ch\/wp-content\/uploads\/2023\/01\/Fitness-5-32x24.jpg 32w, http:\/\/tv-wallbach.ch\/wp-content\/uploads\/2023\/01\/Fitness-5.jpg 1252w\" sizes=\"auto, (max-width: 300px) 100vw, 300px\" \/><\/a><\/p>\n<p><strong>Schulreise<\/strong><\/p>\n<p><a href=\"http:\/\/tv-wallbach.ch\/wp-content\/uploads\/2023\/01\/Fitness-6.jpg\"><img loading=\"lazy\" decoding=\"async\" class=\"alignnone size-medium wp-image-684\" src=\"http:\/\/tv-wallbach.ch\/wp-content\/uploads\/2023\/01\/Fitness-6-300x225.jpg\" alt=\"\" width=\"300\" height=\"225\" srcset=\"http:\/\/tv-wallbach.ch\/wp-content\/uploads\/2023\/01\/Fitness-6-300x225.jpg 300w, http:\/\/tv-wallbach.ch\/wp-content\/uploads\/2023\/01\/Fitness-6-128x96.jpg 128w, http:\/\/tv-wallbach.ch\/wp-content\/uploads\/2023\/01\/Fitness-6-32x24.jpg 32w, http:\/\/tv-wallbach.ch\/wp-content\/uploads\/2023\/01\/Fitness-6.jpg 619w\" sizes=\"auto, (max-width: 300px) 100vw, 300px\" \/><\/a> <a href=\"http:\/\/tv-wallbach.ch\/wp-content\/uploads\/2023\/01\/Fitness-7.jpg\"><img loading=\"lazy\" decoding=\"async\" class=\"alignnone size-medium wp-image-685\" src=\"http:\/\/tv-wallbach.ch\/wp-content\/uploads\/2023\/01\/Fitness-7-300x169.jpg\" alt=\"\" width=\"300\" height=\"169\" srcset=\"http:\/\/tv-wallbach.ch\/wp-content\/uploads\/2023\/01\/Fitness-7-300x169.jpg 300w, http:\/\/tv-wallbach.ch\/wp-content\/uploads\/2023\/01\/Fitness-7-128x72.jpg 128w, http:\/\/tv-wallbach.ch\/wp-content\/uploads\/2023\/01\/Fitness-7-32x18.jpg 32w, http:\/\/tv-wallbach.ch\/wp-content\/uploads\/2023\/01\/Fitness-7.jpg 622w\" sizes=\"auto, (max-width: 300px) 100vw, 300px\" \/><\/a><\/p>\n<p>F\u00fcr uns alle hoffe ich, dass wir auch im n\u00e4chsten Jahr ein \u201etolles Tr\u00fcppchen\u201c bleiben werden. Vielleicht kann der\/die eine oder andere den Turnstundenbesuch etwas intensivieren!<\/p>\n<p>Abschliessend ein herzliches DANKE an ALLE, sei es f\u00fcr das Organisieren von Anl\u00e4ssen, dem Beisteuern von K\u00f6stlichkeiten, dem Bereitstellen des Grillplatzes, dem Vorbereiten von Turnstunden, als KARI zur Verf\u00fcgung stehen oder Einbringen immer wieder neuer Ideen.<\/p>\n<p>ALLES GUTE im 2023.<\/p>\n<p>Die Leiterin<br \/>\nClaudia<\/p>\n<p>PDF Version: <a href=\"http:\/\/tv-wallbach.ch\/wp-content\/uploads\/2023\/01\/Jahresbericht-Fitness-Riege-2022.pdf\">Jahresbericht Fitness-Riege 2022<\/a><\/p>\n","protected":false},"excerpt":{"rendered":"<p>Auch dieses Jahr verzichteten wir auf unseren traditionellen Dreik\u00f6nigs-Jass im H\u00fcttli als Start in das neue Jahr. Das Wetter hat mitgespielt, so haben wir einen &hellip; <\/p>\n","protected":false},"author":2,"featured_media":684,"comment_status":"closed","ping_status":"closed","sticky":false,"template":"","format":"standard","meta":{"footnotes":""},"categories":[10],"tags":[],"class_list":["post-678","post","type-post","status-publish","format-standard","has-post-thumbnail","hentry","category-fitnessriege"],"_links":{"self":[{"href":"http:\/\/tv-wallbach.ch\/index.php?rest_route=\/wp\/v2\/posts\/678","targetHints":{"allow":["GET"]}}],"collection":[{"href":"http:\/\/tv-wallbach.ch\/index.php?rest_route=\/wp\/v2\/posts"}],"about":[{"href":"http:\/\/tv-wallbach.ch\/index.php?rest_route=\/wp\/v2\/types\/post"}],"author":[{"embeddable":true,"href":"http:\/\/tv-wallbach.ch\/index.php?rest_route=\/wp\/v2\/users\/2"}],"replies":[{"embeddable":true,"href":"http:\/\/tv-wallbach.ch\/index.php?rest_route=%2Fwp%2Fv2%2Fcomments&post=678"}],"version-history":[{"count":1,"href":"http:\/\/tv-wallbach.ch\/index.php?rest_route=\/wp\/v2\/posts\/678\/revisions"}],"predecessor-version":[{"id":687,"href":"http:\/\/tv-wallbach.ch\/index.php?rest_route=\/wp\/v2\/posts\/678\/revisions\/687"}],"wp:featuredmedia":[{"embeddable":true,"href":"http:\/\/tv-wallbach.ch\/index.php?rest_route=\/wp\/v2\/media\/684"}],"wp:attachment":[{"href":"http:\/\/tv-wallbach.ch\/index.php?rest_route=%2Fwp%2Fv2%2Fmedia&parent=678"}],"wp:term":[{"taxonomy":"category","embeddable":true,"href":"http:\/\/tv-wallbach.ch\/index.php?rest_route=%2Fwp%2Fv2%2Fcategories&post=678"},{"taxonomy":"post_tag","embeddable":true,"href":"http:\/\/tv-wallbach.ch\/index.php?rest_route=%2Fwp%2Fv2%2Ftags&post=678"}],"curies":[{"name":"wp","href":"https:\/\/api.w.org\/{rel}","templated":true}]}}