{"id":771,"date":"2024-07-08T07:28:34","date_gmt":"2024-07-08T05:28:34","guid":{"rendered":"http:\/\/tv-wallbach.ch\/?p=771"},"modified":"2024-07-08T07:28:34","modified_gmt":"2024-07-08T05:28:34","slug":"erfolgreiches-turnfest-sulz-laufenburg-2024","status":"publish","type":"post","link":"http:\/\/tv-wallbach.ch\/?p=771","title":{"rendered":"Erfolgreiches Turnfest Sulz-Laufenburg 2024"},"content":{"rendered":"<p>Am Wochenende vom 22. \u2013 23. Juni stand f\u00fcr den TV Wallbach ein Highlight auf dem Programm: Das allj\u00e4hrliche Turnfest, welches in diesem Jahr auf den Sportanlagen Laufenburg und Kaisten stattfand.<!--more--><\/p>\n<p>Bereits am Freitagabend wurde unser Wohlf\u00fchlanh\u00e4nger parkiert und f\u00fcr die kommenden Tage eingerichtet. Nach Installation der Sonnen (in diesem Jahr eher Regen) store, vorbereiten der Nachtlager, Aufstellen diversem Mobiliar wie Garnituren und Grill und der wichtigsten Aufgabe, Inbetriebnahme und Bef\u00fcllung vom K\u00fchlschrank, wurde eine spannende Kombination aus Grill und Fondue zubereitet, mit Genuss verzehrt und mit einem Gl\u00e4schen Weisswein abgerundet. Ein Besuch vom Festgel\u00e4nde inklusive Kurzinspektion der Bar schlossen diesen Abend ab.<\/p>\n<p><a href=\"http:\/\/tv-wallbach.ch\/wp-content\/uploads\/2024\/07\/Bild1.jpg\"><img loading=\"lazy\" decoding=\"async\" class=\"alignnone size-full wp-image-772\" src=\"http:\/\/tv-wallbach.ch\/wp-content\/uploads\/2024\/07\/Bild1.jpg\" alt=\"\" width=\"173\" height=\"130\" srcset=\"http:\/\/tv-wallbach.ch\/wp-content\/uploads\/2024\/07\/Bild1.jpg 173w, http:\/\/tv-wallbach.ch\/wp-content\/uploads\/2024\/07\/Bild1-128x96.jpg 128w, http:\/\/tv-wallbach.ch\/wp-content\/uploads\/2024\/07\/Bild1-32x24.jpg 32w\" sizes=\"auto, (max-width: 173px) 100vw, 173px\" \/><\/a><a href=\"http:\/\/tv-wallbach.ch\/wp-content\/uploads\/2024\/07\/Bild5.jpg\"> <img loading=\"lazy\" decoding=\"async\" class=\"alignnone size-full wp-image-775\" src=\"http:\/\/tv-wallbach.ch\/wp-content\/uploads\/2024\/07\/Bild5.jpg\" alt=\"\" width=\"173\" height=\"130\" srcset=\"http:\/\/tv-wallbach.ch\/wp-content\/uploads\/2024\/07\/Bild5.jpg 173w, http:\/\/tv-wallbach.ch\/wp-content\/uploads\/2024\/07\/Bild5-128x96.jpg 128w, http:\/\/tv-wallbach.ch\/wp-content\/uploads\/2024\/07\/Bild5-32x24.jpg 32w\" sizes=\"auto, (max-width: 173px) 100vw, 173px\" \/><\/a><a href=\"http:\/\/tv-wallbach.ch\/wp-content\/uploads\/2024\/07\/Bild6.jpg\"> <img loading=\"lazy\" decoding=\"async\" class=\"alignnone  wp-image-776\" src=\"http:\/\/tv-wallbach.ch\/wp-content\/uploads\/2024\/07\/Bild6-225x300.jpg\" alt=\"\" width=\"98\" height=\"131\" srcset=\"http:\/\/tv-wallbach.ch\/wp-content\/uploads\/2024\/07\/Bild6-225x300.jpg 225w, http:\/\/tv-wallbach.ch\/wp-content\/uploads\/2024\/07\/Bild6-96x128.jpg 96w, http:\/\/tv-wallbach.ch\/wp-content\/uploads\/2024\/07\/Bild6-24x32.jpg 24w, http:\/\/tv-wallbach.ch\/wp-content\/uploads\/2024\/07\/Bild6.jpg 299w\" sizes=\"auto, (max-width: 98px) 100vw, 98px\" \/><\/a><\/p>\n<p>Am fr\u00fchen Samstagmorgen trafen die restlichen Turnerinnen und Turner topmotiviert ein. Mit gesamthaft 16 Modellathletinnen und Athleten nahmen wir sogleich unser Programm in Angriff. Gestartet wurde mit Fachtest Korbball, gefolgt vom Fachtest Unihockey und abgeschlossen mit Fachtest Allround. Wir konnten teils super Resultate erzielen und im Vereinswettkampf Aktive 3-teilig mit einer Gesamtnote von 26.41 den starken 9 Rang von 46 Vereinen erreichen!<\/p>\n<p><a href=\"http:\/\/tv-wallbach.ch\/wp-content\/uploads\/2024\/07\/Bild3.jpg\"><img loading=\"lazy\" decoding=\"async\" class=\"alignnone size-medium wp-image-773\" src=\"http:\/\/tv-wallbach.ch\/wp-content\/uploads\/2024\/07\/Bild3-300x225.jpg\" alt=\"\" width=\"300\" height=\"225\" srcset=\"http:\/\/tv-wallbach.ch\/wp-content\/uploads\/2024\/07\/Bild3-300x225.jpg 300w, http:\/\/tv-wallbach.ch\/wp-content\/uploads\/2024\/07\/Bild3-128x96.jpg 128w, http:\/\/tv-wallbach.ch\/wp-content\/uploads\/2024\/07\/Bild3-32x24.jpg 32w, http:\/\/tv-wallbach.ch\/wp-content\/uploads\/2024\/07\/Bild3.jpg 491w\" sizes=\"auto, (max-width: 300px) 100vw, 300px\" \/><\/a><\/p>\n<p>Unser Wettkampf konnte bei einigermassen guten Bedingungen absolviert werden. Andere hatten nicht so viel Gl\u00fcck\u2026 Am Mittag traf ein starkes Unwetter das Festgel\u00e4nde. Kurzzeitig mussten alle Wettk\u00e4mpfe unterbrochen und das gesamte Gel\u00e4nde in die Turnhalle evakuiert werden. Nach kurzer Zeit kam zum Gl\u00fcck die Entwarnung und das Programm wurde mit ein wenig Verz\u00f6gerung fortgesetzt.<\/p>\n<p>Am Nachmittag standen zwei unserer Aktivriegler bei unseren \u00e4lteren Gsp\u00e4nnli der Fitnessriege im Einsatz. Die Wettk\u00e4mpfe wurden trotz besch\u2026eidenem Wetter von der ganzen Aktivriege frenetisch begleitet \u2013 vielen Dank! Mit dieser Unterst\u00fctzung gelangen auch in dieser Kategorie sensationelle Leistungen und es konnte mit der Gesamtnote 28.23 der zweite Platz errungen werden!<\/p>\n<p><a href=\"http:\/\/tv-wallbach.ch\/wp-content\/uploads\/2024\/07\/Bild4.jpg\"><img loading=\"lazy\" decoding=\"async\" class=\"alignnone size-medium wp-image-774\" src=\"http:\/\/tv-wallbach.ch\/wp-content\/uploads\/2024\/07\/Bild4-300x225.jpg\" alt=\"\" width=\"300\" height=\"225\" srcset=\"http:\/\/tv-wallbach.ch\/wp-content\/uploads\/2024\/07\/Bild4-300x225.jpg 300w, http:\/\/tv-wallbach.ch\/wp-content\/uploads\/2024\/07\/Bild4-128x96.jpg 128w, http:\/\/tv-wallbach.ch\/wp-content\/uploads\/2024\/07\/Bild4-32x24.jpg 32w, http:\/\/tv-wallbach.ch\/wp-content\/uploads\/2024\/07\/Bild4.jpg 491w\" sizes=\"auto, (max-width: 300px) 100vw, 300px\" \/><\/a><\/p>\n<p>Nach Abschluss aller Wettkampft\u00e4tigkeiten st\u00e4rkten wir uns bei einem feinen z\u2019Nacht und starteten dann mit dem zweiten Teil vom TurnFEST. Auch in dieser Kategorie geh\u00f6ren wir zur absoluten Spitze! Ob im Festzelt, in der Bar oder irgendwo im Matsch zwischen den diversen Unterhaltungen, \u00fcberall wurde gefeiert, getanzt, gesungen, rehydriert und viel gemeinsam geredet und gelacht. Nach und nach trafen alle wieder beim Wagen ein, bis in den fr\u00fchen Morgenstunden alle einen Platz in unseren Etagenbetten gefunden hatten und f\u00fcr ein paar Stunden erholsamen Schlag geniessen konnten \u2013 zumindest, soweit es unsere Nachbarn zuliessen\u2026<\/p>\n<p>Am Sonntagmorgen stand noch unsere Jugi im Einsatz. Das Wetter spielte an diesem Tag zum Gl\u00fcck besser mit und so konnten die Wettk\u00e4mpe bei optimalen Bedingungen absolviert werden. In den Disziplinen B\u00e4lleliweitwurf, Weitsprung, Hindernislauf und Pendelstafette gaben alle Kinder vollen Einsatz. Als Belohnung gab es danach ein Mittagessen und ein Glac\u00e9 oder sonstige s\u00fcsse Versuchung.<\/p>\n<p>Es war ein weiteres gelungenes Turnfest. Vielen Dank an alle, die an diesem Anlass dabei waren und etwas beigetragen haben \u2013Organisation, Wagencrew, diverse Eink\u00e4ufe f\u00fcr z\u2019morge, Bierpongtisch, Jugileiterinnen und Leiter und vieles Weitere.<\/p>\n<p>Wir freuen uns bereits auf das Eidgen\u00f6ssische im n\u00e4chsten Jahr!<\/p>\n<p>&nbsp;<\/p>\n","protected":false},"excerpt":{"rendered":"<p>Am Wochenende vom 22. \u2013 23. Juni stand f\u00fcr den TV Wallbach ein Highlight auf dem Programm: Das allj\u00e4hrliche Turnfest, welches in diesem Jahr auf &hellip; <\/p>\n","protected":false},"author":2,"featured_media":773,"comment_status":"closed","ping_status":"closed","sticky":false,"template":"","format":"standard","meta":{"footnotes":""},"categories":[9,10,11],"tags":[],"class_list":["post-771","post","type-post","status-publish","format-standard","has-post-thumbnail","hentry","category-aktivriege","category-fitnessriege","category-jugi"],"_links":{"self":[{"href":"http:\/\/tv-wallbach.ch\/index.php?rest_route=\/wp\/v2\/posts\/771","targetHints":{"allow":["GET"]}}],"collection":[{"href":"http:\/\/tv-wallbach.ch\/index.php?rest_route=\/wp\/v2\/posts"}],"about":[{"href":"http:\/\/tv-wallbach.ch\/index.php?rest_route=\/wp\/v2\/types\/post"}],"author":[{"embeddable":true,"href":"http:\/\/tv-wallbach.ch\/index.php?rest_route=\/wp\/v2\/users\/2"}],"replies":[{"embeddable":true,"href":"http:\/\/tv-wallbach.ch\/index.php?rest_route=%2Fwp%2Fv2%2Fcomments&post=771"}],"version-history":[{"count":1,"href":"http:\/\/tv-wallbach.ch\/index.php?rest_route=\/wp\/v2\/posts\/771\/revisions"}],"predecessor-version":[{"id":777,"href":"http:\/\/tv-wallbach.ch\/index.php?rest_route=\/wp\/v2\/posts\/771\/revisions\/777"}],"wp:featuredmedia":[{"embeddable":true,"href":"http:\/\/tv-wallbach.ch\/index.php?rest_route=\/wp\/v2\/media\/773"}],"wp:attachment":[{"href":"http:\/\/tv-wallbach.ch\/index.php?rest_route=%2Fwp%2Fv2%2Fmedia&parent=771"}],"wp:term":[{"taxonomy":"category","embeddable":true,"href":"http:\/\/tv-wallbach.ch\/index.php?rest_route=%2Fwp%2Fv2%2Fcategories&post=771"},{"taxonomy":"post_tag","embeddable":true,"href":"http:\/\/tv-wallbach.ch\/index.php?rest_route=%2Fwp%2Fv2%2Ftags&post=771"}],"curies":[{"name":"wp","href":"https:\/\/api.w.org\/{rel}","templated":true}]}}