{"id":779,"date":"2024-08-14T21:12:16","date_gmt":"2024-08-14T19:12:16","guid":{"rendered":"http:\/\/tv-wallbach.ch\/?p=779"},"modified":"2024-08-14T21:12:16","modified_gmt":"2024-08-14T19:12:16","slug":"jugi-wallbach-am-schnaellscht-fricktaler","status":"publish","type":"post","link":"http:\/\/tv-wallbach.ch\/?p=779","title":{"rendered":"Jugi Wallbach am \u00abschn\u00e4llscht Fricktaler\u00bb"},"content":{"rendered":"<p>Motiviert und voller Energie starteten am 27.4.2024 20 Kinder der Jugi Wallbach am schn\u00e4llscht Fricktaler in M\u00fcnchwilen.<!--more--><\/p>\n<p>Bei sch\u00f6nem Wetter und vielen Zuschauern bestritten wir einen spannenden Sprintwettkampf \u00fcber 60 m.<\/p>\n<p>Um 14.00 Uhr starteten die Halbfinall\u00e4ufe in welchem sich gleich 3 M\u00e4dchen in der gleichen Alterskategorie qualifiziert hatten. Leider reichte es allen nicht f\u00fcr den Finaleinzug, die Gegner waren einfach st\u00e4rker. \u2639<\/p>\n<p>So konnten wir uns am Schluss \u00fcber 3 Ehrenmeldungen von Ott Aline 5. Platz, Baumgartner Zora 7. Platz und Stocker Mona 8. Platz und vielen gro\u00dfartigen Leistungen der Jugikinder freuen.<\/p>\n","protected":false},"excerpt":{"rendered":"<p>Motiviert und voller Energie starteten am 27.4.2024 20 Kinder der Jugi Wallbach am schn\u00e4llscht Fricktaler in M\u00fcnchwilen.<\/p>\n","protected":false},"author":2,"featured_media":780,"comment_status":"closed","ping_status":"closed","sticky":false,"template":"","format":"standard","meta":{"footnotes":""},"categories":[11],"tags":[],"class_list":["post-779","post","type-post","status-publish","format-standard","has-post-thumbnail","hentry","category-jugi"],"_links":{"self":[{"href":"http:\/\/tv-wallbach.ch\/index.php?rest_route=\/wp\/v2\/posts\/779","targetHints":{"allow":["GET"]}}],"collection":[{"href":"http:\/\/tv-wallbach.ch\/index.php?rest_route=\/wp\/v2\/posts"}],"about":[{"href":"http:\/\/tv-wallbach.ch\/index.php?rest_route=\/wp\/v2\/types\/post"}],"author":[{"embeddable":true,"href":"http:\/\/tv-wallbach.ch\/index.php?rest_route=\/wp\/v2\/users\/2"}],"replies":[{"embeddable":true,"href":"http:\/\/tv-wallbach.ch\/index.php?rest_route=%2Fwp%2Fv2%2Fcomments&post=779"}],"version-history":[{"count":1,"href":"http:\/\/tv-wallbach.ch\/index.php?rest_route=\/wp\/v2\/posts\/779\/revisions"}],"predecessor-version":[{"id":781,"href":"http:\/\/tv-wallbach.ch\/index.php?rest_route=\/wp\/v2\/posts\/779\/revisions\/781"}],"wp:featuredmedia":[{"embeddable":true,"href":"http:\/\/tv-wallbach.ch\/index.php?rest_route=\/wp\/v2\/media\/780"}],"wp:attachment":[{"href":"http:\/\/tv-wallbach.ch\/index.php?rest_route=%2Fwp%2Fv2%2Fmedia&parent=779"}],"wp:term":[{"taxonomy":"category","embeddable":true,"href":"http:\/\/tv-wallbach.ch\/index.php?rest_route=%2Fwp%2Fv2%2Fcategories&post=779"},{"taxonomy":"post_tag","embeddable":true,"href":"http:\/\/tv-wallbach.ch\/index.php?rest_route=%2Fwp%2Fv2%2Ftags&post=779"}],"curies":[{"name":"wp","href":"https:\/\/api.w.org\/{rel}","templated":true}]}}